{"id":4533,"date":"2020-09-05T16:50:00","date_gmt":"2020-09-05T16:50:00","guid":{"rendered":"https:\/\/www.7elfen.de\/?p=4533"},"modified":"2021-09-26T22:05:30","modified_gmt":"2021-09-26T22:05:30","slug":"das-war-das-photoevent-7elfen-auf-schloss-schoenow-5-9-6-9-2020","status":"publish","type":"post","link":"https:\/\/www.7elfen.de\/index.php\/2020\/09\/05\/das-war-das-photoevent-7elfen-auf-schloss-schoenow-5-9-6-9-2020\/","title":{"rendered":"Das war das Photoevent &#8211; 7Elfen auf Schloss Sch\u00f6now 5.9. &#8211; 6.9.2020"},"content":{"rendered":"\t\t<div data-elementor-type=\"wp-post\" data-elementor-id=\"4533\" class=\"elementor elementor-4533\" data-elementor-post-type=\"post\">\n\t\t\t\t\t\t<section class=\"elementor-section elementor-top-section elementor-element elementor-element-68198de elementor-section-boxed elementor-section-height-default elementor-section-height-default\" data-id=\"68198de\" data-element_type=\"section\">\n\t\t\t\t\t\t<div class=\"elementor-container elementor-column-gap-default\">\n\t\t\t\t\t<div class=\"elementor-column elementor-col-100 elementor-top-column elementor-element elementor-element-b380eeb ot-flex-column-vertical\" data-id=\"b380eeb\" data-element_type=\"column\">\n\t\t\t<div class=\"elementor-widget-wrap elementor-element-populated\">\n\t\t\t\t\t\t<div class=\"elementor-element elementor-element-57c5b07 elementor-widget elementor-widget-theme-post-title elementor-page-title elementor-widget-heading\" data-id=\"57c5b07\" data-element_type=\"widget\" data-widget_type=\"theme-post-title.default\">\n\t\t\t\t<div class=\"elementor-widget-container\">\n\t\t\t\t\t<h1 class=\"elementor-heading-title elementor-size-default\">Das war das Photoevent &#8211; 7Elfen auf Schloss Sch\u00f6now 5.9. &#8211; 6.9.2020<\/h1>\t\t\t\t<\/div>\n\t\t\t\t<\/div>\n\t\t\t\t\t<\/div>\n\t\t<\/div>\n\t\t\t\t\t<\/div>\n\t\t<\/section>\n\t\t\t\t<section class=\"elementor-section elementor-top-section elementor-element elementor-element-947b03e elementor-section-boxed elementor-section-height-default elementor-section-height-default\" data-id=\"947b03e\" data-element_type=\"section\">\n\t\t\t\t\t\t<div class=\"elementor-container elementor-column-gap-default\">\n\t\t\t\t\t<div class=\"elementor-column elementor-col-100 elementor-top-column elementor-element elementor-element-322ca0d1 ot-flex-column-vertical\" data-id=\"322ca0d1\" data-element_type=\"column\">\n\t\t\t<div class=\"elementor-widget-wrap elementor-element-populated\">\n\t\t\t\t\t\t<div class=\"elementor-element elementor-element-8b574a6 elementor-widget elementor-widget-html\" data-id=\"8b574a6\" data-element_type=\"widget\" data-widget_type=\"html.default\">\n\t\t\t\t<div class=\"elementor-widget-container\">\n\t\t\t\t\t<iframe width=\"560\" height=\"450\" src=\"https:\/\/www.youtube-nocookie.com\/embed\/Eu0eyyClOrA\" \nframeborder=\"0\" allow=\"accelerometer; autoplay; \nencrypted-media; gyroscope; picture-in-picture\" allowfullscreen><\/iframe>\t\t\t\t<\/div>\n\t\t\t\t<\/div>\n\t\t\t\t<div class=\"elementor-element elementor-element-6c2515ba elementor-widget elementor-widget-text-editor\" data-id=\"6c2515ba\" data-element_type=\"widget\" data-widget_type=\"text-editor.default\">\n\t\t\t\t<div class=\"elementor-widget-container\">\n\t\t\t\t\t\t\t\t\t<p>Vielen Dank an alle 12 Models und 20 Fotografen, die sich aus ganz Deutschland eingefunden haben, und diese Event zu einem gro\u00dfen Erfolg gemacht haben. Wir hoffe, euch beim N\u00e4chsten Mal wider begr\u00fc\u00dfen zu d\u00fcrfen! Euer 7Elfen-Team! Wir waren dabei:&nbsp;<\/p>\n<p>Olga-Maria (-Akt) https:\/\/www.model-kartei.de\/sedcards\/model\/492984\/olga-maria-veide\/ <br>Olga Kaminski (-Akt) https:\/\/www.model-kartei.de\/sedcards\/model\/361845\/olgakaminska\/ <br>Anna Tanssija (-Akt) https:\/\/www.model-kartei.de\/sedcards\/model\/588726\/anna-tanssija\/ <br>D.D. (verd.Akt+Latex) https:\/\/www.model-kartei.de\/sedcards\/model\/221019\/dd\/ <br>Anne Sachs (-Akt) https:\/\/www.model-kartei.de\/sedcards\/model\/180454\/anne-sachs\/ <br>Christiane (-verd.Akt) https:\/\/www.model-kartei.de\/sedcards\/model\/424680\/christiane-schleicher\/ <br>Cham\u00e4leon (-verd.Akt) https:\/\/www.model-kartei.de\/sedcards\/model\/291296\/chamleon\/ <br>Vanessa (-freiz.Akt) https:\/\/www.model-kartei.de\/sedcards\/model\/425078\/vanessa-w\/ <br>MissSunshine (-Akt) https:\/\/www.model-kartei.de\/sedcards\/model\/584869\/misssunshine\/ <br>Russlana (-Akt) https:\/\/www.model-kartei.de\/sedcards\/model\/53367\/russlana-rassiva\/ <br>Ms._leen (-Akt) https:\/\/www.model-kartei.de\/sedcards\/model\/567671\/ms-leen\/ <br>Honigbl\u00fcmchen (-Akt) https:\/\/www.model-kartei.de\/sedcards\/model\/516960\/honigblmchen\/<\/p>\t\t\t\t\t\t\t\t<\/div>\n\t\t\t\t<\/div>\n\t\t\t\t\t<\/div>\n\t\t<\/div>\n\t\t\t\t\t<\/div>\n\t\t<\/section>\n\t\t\t\t<\/div>\n\t\t","protected":false},"excerpt":{"rendered":"<p>Vielen Dank an alle 12 Models und 20 Fotografen, die sich aus ganz Deutschland eingefunden haben, und diese Event zu einem gro\u00dfen Erfolg gemacht haben. Wir hoffe, euch beim N\u00e4chsten Mal wider begr\u00fc\u00dfen zu d\u00fcrfen! Euer 7Elfen-Team! Wir waren dabei:&nbsp; Olga-Maria (-Akt) https:\/\/www.model-kartei.de\/sedcards\/model\/492984\/olga-maria-veide\/ Olga Kaminski (-Akt) https:\/\/www.model-kartei.de\/sedcards\/model\/361845\/olgakaminska\/ Anna Tanssija (-Akt) https:\/\/www.model-kartei.de\/sedcards\/model\/588726\/anna-tanssija\/ D.D. (verd.Akt+Latex) https:\/\/www.model-kartei.de\/sedcards\/model\/221019\/dd\/ Anne [&hellip;]<\/p>\n","protected":false},"author":1,"featured_media":4534,"comment_status":"closed","ping_status":"closed","sticky":false,"template":"","format":"video","meta":{"footnotes":""},"categories":[35],"tags":[],"_links":{"self":[{"href":"https:\/\/www.7elfen.de\/index.php\/wp-json\/wp\/v2\/posts\/4533"}],"collection":[{"href":"https:\/\/www.7elfen.de\/index.php\/wp-json\/wp\/v2\/posts"}],"about":[{"href":"https:\/\/www.7elfen.de\/index.php\/wp-json\/wp\/v2\/types\/post"}],"author":[{"embeddable":true,"href":"https:\/\/www.7elfen.de\/index.php\/wp-json\/wp\/v2\/users\/1"}],"replies":[{"embeddable":true,"href":"https:\/\/www.7elfen.de\/index.php\/wp-json\/wp\/v2\/comments?post=4533"}],"version-history":[{"count":16,"href":"https:\/\/www.7elfen.de\/index.php\/wp-json\/wp\/v2\/posts\/4533\/revisions"}],"predecessor-version":[{"id":6223,"href":"https:\/\/www.7elfen.de\/index.php\/wp-json\/wp\/v2\/posts\/4533\/revisions\/6223"}],"wp:featuredmedia":[{"embeddable":true,"href":"https:\/\/www.7elfen.de\/index.php\/wp-json\/wp\/v2\/media\/4534"}],"wp:attachment":[{"href":"https:\/\/www.7elfen.de\/index.php\/wp-json\/wp\/v2\/media?parent=4533"}],"wp:term":[{"taxonomy":"category","embeddable":true,"href":"https:\/\/www.7elfen.de\/index.php\/wp-json\/wp\/v2\/categories?post=4533"},{"taxonomy":"post_tag","embeddable":true,"href":"https:\/\/www.7elfen.de\/index.php\/wp-json\/wp\/v2\/tags?post=4533"}],"curies":[{"name":"wp","href":"https:\/\/api.w.org\/{rel}","templated":true}]}}